{"id":8798,"date":"2023-10-04T19:21:21","date_gmt":"2023-10-04T19:21:21","guid":{"rendered":"https:\/\/lfelsalvador.org\/fr\/?p=8798"},"modified":"2023-10-04T19:21:22","modified_gmt":"2023-10-04T19:21:22","slug":"ateliers-professionels","status":"publish","type":"post","link":"https:\/\/lfelsalvador.org\/fr\/ateliers-professionels\/","title":{"rendered":"Ateliers Professionels"},"content":{"rendered":"\n<p>Chaque ann\u00e9e, des professionnels du spectacle vivant viennent, \u00e0 la fr\u00e9quence d\u2019une fois par<br>mois, nous faire part de leurs connaissances et v\u00e9cus professionnels \u00e0 l\u2019aide d\u2019ateliers qui<br>permettent aux \u00e9l\u00e8ves de l\u2019option de mieux appr\u00e9hender l\u2019art de la repr\u00e9sentation. Ce sont<br>des artistes qui les aident, notamment, \u00e0 comprendre les enjeux du spectacle de fin d\u2019ann\u00e9e<br>en mati\u00e8re de costumes, de maquillage, de lumi\u00e8re, de gestion de l\u2019espace, de mise en sc\u00e8ne\u2026<\/p>\n\n\n\n<figure class=\"wp-block-image\"><img decoding=\"async\" src=\"https:\/\/theatre.lfelsalvador.org\/wp-content\/uploads\/2023\/10\/foto02.png\" alt=\"\" class=\"wp-image-52\"\/><\/figure>\n\n\n\n<p>D\u2019autre part, un partenariat avec le th\u00e9\u00e2tre Luis Poma permet aux \u00e9l\u00e8ves d\u2019assister \u00e0 des<br>r\u00e9p\u00e9titions de travail quand cela est possible et d\u2019assister aux repr\u00e9sentations \u00e0 des prix<br>r\u00e9duits.<br>Enfin, des visites de th\u00e9\u00e2tres sont \u00e9galement indispensables pour mieux comprendre<br>l\u2019importance de la salle o\u00f9 se fait la repr\u00e9sentation.<\/p>\n\n\n\n<figure class=\"wp-block-image\"><img decoding=\"async\" src=\"https:\/\/theatre.lfelsalvador.org\/wp-content\/uploads\/2023\/10\/foto04.png\" alt=\"\" class=\"wp-image-54\"\/><\/figure>\n","protected":false},"excerpt":{"rendered":"<p>Chaque ann\u00e9e, des professionnels du spectacle vivant viennent, \u00e0 la fr\u00e9quence d\u2019une fois parmois, nous faire part de leurs connaissances et v\u00e9cus professionnels \u00e0 l\u2019aide d\u2019ateliers quipermettent aux \u00e9l\u00e8ves de l\u2019option de mieux appr\u00e9hender l\u2019art de la repr\u00e9sentation. Ce sontdes artistes qui les aident, notamment, \u00e0 comprendre les enjeux du spectacle de fin d\u2019ann\u00e9een mati\u00e8re [&hellip;]<\/p>\n","protected":false},"author":4,"featured_media":0,"comment_status":"closed","ping_status":"open","sticky":false,"template":"","format":"standard","meta":{"footnotes":""},"categories":[11,1],"tags":[],"class_list":["post-8798","post","type-post","status-publish","format-standard","hentry","category-non-classifiee","category-sin-categoria"],"yoast_head":"<!-- This site is optimized with the Yoast SEO plugin v27.2 - https:\/\/yoast.com\/product\/yoast-seo-wordpress\/ -->\n<title>Ateliers Professionels | Liceo Frances de San Salvador<\/title>\n<meta name=\"robots\" content=\"index, follow, max-snippet:-1, max-image-preview:large, max-video-preview:-1\" \/>\n<link rel=\"canonical\" href=\"https:\/\/lfelsalvador.org\/fr\/ateliers-professionels\/\" \/>\n<meta property=\"og:locale\" content=\"fr_FR\" \/>\n<meta property=\"og:type\" content=\"article\" \/>\n<meta property=\"og:title\" content=\"Ateliers Professionels | Liceo Frances de San Salvador\" \/>\n<meta property=\"og:description\" content=\"Chaque ann\u00e9e, des professionnels du spectacle vivant viennent, \u00e0 la fr\u00e9quence d\u2019une fois parmois, nous faire part de leurs connaissances et v\u00e9cus professionnels \u00e0 l\u2019aide d\u2019ateliers quipermettent aux \u00e9l\u00e8ves de l\u2019option de mieux appr\u00e9hender l\u2019art de la repr\u00e9sentation. Ce sontdes artistes qui les aident, notamment, \u00e0 comprendre les enjeux du spectacle de fin d\u2019ann\u00e9een mati\u00e8re [&hellip;]\" \/>\n<meta property=\"og:url\" content=\"https:\/\/lfelsalvador.org\/fr\/ateliers-professionels\/\" \/>\n<meta property=\"og:site_name\" content=\"Liceo Frances de San Salvador\" \/>\n<meta property=\"article:publisher\" content=\"https:\/\/www.facebook.com\/lfelsalvador\/\" \/>\n<meta property=\"article:published_time\" content=\"2023-10-04T19:21:21+00:00\" \/>\n<meta property=\"article:modified_time\" content=\"2023-10-04T19:21:22+00:00\" \/>\n<meta property=\"og:image\" content=\"https:\/\/theatre.lfelsalvador.org\/wp-content\/uploads\/2023\/10\/foto02.png\" \/>\n<meta name=\"author\" content=\"Carlos Carcamo\" \/>\n<meta name=\"twitter:card\" content=\"summary_large_image\" \/>\n<meta name=\"twitter:creator\" content=\"@lfelsalvador1\" \/>\n<meta name=\"twitter:site\" content=\"@lfelsalvador1\" \/>\n<meta name=\"twitter:label1\" content=\"\u00c9crit par\" \/>\n\t<meta name=\"twitter:data1\" content=\"Carlos Carcamo\" \/>\n<script type=\"application\/ld+json\" class=\"yoast-schema-graph\">{\"@context\":\"https:\/\/schema.org\",\"@graph\":[{\"@type\":\"Article\",\"@id\":\"https:\/\/lfelsalvador.org\/fr\/ateliers-professionels\/#article\",\"isPartOf\":{\"@id\":\"https:\/\/lfelsalvador.org\/fr\/ateliers-professionels\/\"},\"author\":{\"name\":\"Carlos Carcamo\",\"@id\":\"https:\/\/lfelsalvador.org\/#\/schema\/person\/bb81daa0e07889f6b848067cecd6218f\"},\"headline\":\"Ateliers Professionels\",\"datePublished\":\"2023-10-04T19:21:21+00:00\",\"dateModified\":\"2023-10-04T19:21:22+00:00\",\"mainEntityOfPage\":{\"@id\":\"https:\/\/lfelsalvador.org\/fr\/ateliers-professionels\/\"},\"wordCount\":142,\"image\":{\"@id\":\"https:\/\/lfelsalvador.org\/fr\/ateliers-professionels\/#primaryimage\"},\"thumbnailUrl\":\"https:\/\/theatre.lfelsalvador.org\/wp-content\/uploads\/2023\/10\/foto02.png\",\"articleSection\":[\"Non classifi\u00e9(e)\",\"Sin categor\u00eda\"],\"inLanguage\":\"fr-FR\"},{\"@type\":\"WebPage\",\"@id\":\"https:\/\/lfelsalvador.org\/fr\/ateliers-professionels\/\",\"url\":\"https:\/\/lfelsalvador.org\/fr\/ateliers-professionels\/\",\"name\":\"Ateliers Professionels | Liceo Frances de San Salvador\",\"isPartOf\":{\"@id\":\"https:\/\/lfelsalvador.org\/#website\"},\"primaryImageOfPage\":{\"@id\":\"https:\/\/lfelsalvador.org\/fr\/ateliers-professionels\/#primaryimage\"},\"image\":{\"@id\":\"https:\/\/lfelsalvador.org\/fr\/ateliers-professionels\/#primaryimage\"},\"thumbnailUrl\":\"https:\/\/theatre.lfelsalvador.org\/wp-content\/uploads\/2023\/10\/foto02.png\",\"datePublished\":\"2023-10-04T19:21:21+00:00\",\"dateModified\":\"2023-10-04T19:21:22+00:00\",\"author\":{\"@id\":\"https:\/\/lfelsalvador.org\/#\/schema\/person\/bb81daa0e07889f6b848067cecd6218f\"},\"breadcrumb\":{\"@id\":\"https:\/\/lfelsalvador.org\/fr\/ateliers-professionels\/#breadcrumb\"},\"inLanguage\":\"fr-FR\",\"potentialAction\":[{\"@type\":\"ReadAction\",\"target\":[\"https:\/\/lfelsalvador.org\/fr\/ateliers-professionels\/\"]}]},{\"@type\":\"ImageObject\",\"inLanguage\":\"fr-FR\",\"@id\":\"https:\/\/lfelsalvador.org\/fr\/ateliers-professionels\/#primaryimage\",\"url\":\"https:\/\/theatre.lfelsalvador.org\/wp-content\/uploads\/2023\/10\/foto02.png\",\"contentUrl\":\"https:\/\/theatre.lfelsalvador.org\/wp-content\/uploads\/2023\/10\/foto02.png\"},{\"@type\":\"BreadcrumbList\",\"@id\":\"https:\/\/lfelsalvador.org\/fr\/ateliers-professionels\/#breadcrumb\",\"itemListElement\":[{\"@type\":\"ListItem\",\"position\":1,\"name\":\"Portada\",\"item\":\"https:\/\/lfelsalvador.org\/fr\/\"},{\"@type\":\"ListItem\",\"position\":2,\"name\":\"Ateliers Professionels\"}]},{\"@type\":\"WebSite\",\"@id\":\"https:\/\/lfelsalvador.org\/#website\",\"url\":\"https:\/\/lfelsalvador.org\/\",\"name\":\"Liceo Frances de San Salvador\",\"description\":\"\",\"potentialAction\":[{\"@type\":\"SearchAction\",\"target\":{\"@type\":\"EntryPoint\",\"urlTemplate\":\"https:\/\/lfelsalvador.org\/?s={search_term_string}\"},\"query-input\":{\"@type\":\"PropertyValueSpecification\",\"valueRequired\":true,\"valueName\":\"search_term_string\"}}],\"inLanguage\":\"fr-FR\"},{\"@type\":\"Person\",\"@id\":\"https:\/\/lfelsalvador.org\/#\/schema\/person\/bb81daa0e07889f6b848067cecd6218f\",\"name\":\"Carlos Carcamo\",\"url\":\"https:\/\/lfelsalvador.org\/fr\/author\/ccarcamo\/\"}]}<\/script>\n<!-- \/ Yoast SEO plugin. -->","yoast_head_json":{"title":"Ateliers Professionels | Liceo Frances de San Salvador","robots":{"index":"index","follow":"follow","max-snippet":"max-snippet:-1","max-image-preview":"max-image-preview:large","max-video-preview":"max-video-preview:-1"},"canonical":"https:\/\/lfelsalvador.org\/fr\/ateliers-professionels\/","og_locale":"fr_FR","og_type":"article","og_title":"Ateliers Professionels | Liceo Frances de San Salvador","og_description":"Chaque ann\u00e9e, des professionnels du spectacle vivant viennent, \u00e0 la fr\u00e9quence d\u2019une fois parmois, nous faire part de leurs connaissances et v\u00e9cus professionnels \u00e0 l\u2019aide d\u2019ateliers quipermettent aux \u00e9l\u00e8ves de l\u2019option de mieux appr\u00e9hender l\u2019art de la repr\u00e9sentation. Ce sontdes artistes qui les aident, notamment, \u00e0 comprendre les enjeux du spectacle de fin d\u2019ann\u00e9een mati\u00e8re [&hellip;]","og_url":"https:\/\/lfelsalvador.org\/fr\/ateliers-professionels\/","og_site_name":"Liceo Frances de San Salvador","article_publisher":"https:\/\/www.facebook.com\/lfelsalvador\/","article_published_time":"2023-10-04T19:21:21+00:00","article_modified_time":"2023-10-04T19:21:22+00:00","og_image":[{"url":"https:\/\/theatre.lfelsalvador.org\/wp-content\/uploads\/2023\/10\/foto02.png","type":"","width":"","height":""}],"author":"Carlos Carcamo","twitter_card":"summary_large_image","twitter_creator":"@lfelsalvador1","twitter_site":"@lfelsalvador1","twitter_misc":{"\u00c9crit par":"Carlos Carcamo"},"schema":{"@context":"https:\/\/schema.org","@graph":[{"@type":"Article","@id":"https:\/\/lfelsalvador.org\/fr\/ateliers-professionels\/#article","isPartOf":{"@id":"https:\/\/lfelsalvador.org\/fr\/ateliers-professionels\/"},"author":{"name":"Carlos Carcamo","@id":"https:\/\/lfelsalvador.org\/#\/schema\/person\/bb81daa0e07889f6b848067cecd6218f"},"headline":"Ateliers Professionels","datePublished":"2023-10-04T19:21:21+00:00","dateModified":"2023-10-04T19:21:22+00:00","mainEntityOfPage":{"@id":"https:\/\/lfelsalvador.org\/fr\/ateliers-professionels\/"},"wordCount":142,"image":{"@id":"https:\/\/lfelsalvador.org\/fr\/ateliers-professionels\/#primaryimage"},"thumbnailUrl":"https:\/\/theatre.lfelsalvador.org\/wp-content\/uploads\/2023\/10\/foto02.png","articleSection":["Non classifi\u00e9(e)","Sin categor\u00eda"],"inLanguage":"fr-FR"},{"@type":"WebPage","@id":"https:\/\/lfelsalvador.org\/fr\/ateliers-professionels\/","url":"https:\/\/lfelsalvador.org\/fr\/ateliers-professionels\/","name":"Ateliers Professionels | Liceo Frances de San Salvador","isPartOf":{"@id":"https:\/\/lfelsalvador.org\/#website"},"primaryImageOfPage":{"@id":"https:\/\/lfelsalvador.org\/fr\/ateliers-professionels\/#primaryimage"},"image":{"@id":"https:\/\/lfelsalvador.org\/fr\/ateliers-professionels\/#primaryimage"},"thumbnailUrl":"https:\/\/theatre.lfelsalvador.org\/wp-content\/uploads\/2023\/10\/foto02.png","datePublished":"2023-10-04T19:21:21+00:00","dateModified":"2023-10-04T19:21:22+00:00","author":{"@id":"https:\/\/lfelsalvador.org\/#\/schema\/person\/bb81daa0e07889f6b848067cecd6218f"},"breadcrumb":{"@id":"https:\/\/lfelsalvador.org\/fr\/ateliers-professionels\/#breadcrumb"},"inLanguage":"fr-FR","potentialAction":[{"@type":"ReadAction","target":["https:\/\/lfelsalvador.org\/fr\/ateliers-professionels\/"]}]},{"@type":"ImageObject","inLanguage":"fr-FR","@id":"https:\/\/lfelsalvador.org\/fr\/ateliers-professionels\/#primaryimage","url":"https:\/\/theatre.lfelsalvador.org\/wp-content\/uploads\/2023\/10\/foto02.png","contentUrl":"https:\/\/theatre.lfelsalvador.org\/wp-content\/uploads\/2023\/10\/foto02.png"},{"@type":"BreadcrumbList","@id":"https:\/\/lfelsalvador.org\/fr\/ateliers-professionels\/#breadcrumb","itemListElement":[{"@type":"ListItem","position":1,"name":"Portada","item":"https:\/\/lfelsalvador.org\/fr\/"},{"@type":"ListItem","position":2,"name":"Ateliers Professionels"}]},{"@type":"WebSite","@id":"https:\/\/lfelsalvador.org\/#website","url":"https:\/\/lfelsalvador.org\/","name":"Liceo Frances de San Salvador","description":"","potentialAction":[{"@type":"SearchAction","target":{"@type":"EntryPoint","urlTemplate":"https:\/\/lfelsalvador.org\/?s={search_term_string}"},"query-input":{"@type":"PropertyValueSpecification","valueRequired":true,"valueName":"search_term_string"}}],"inLanguage":"fr-FR"},{"@type":"Person","@id":"https:\/\/lfelsalvador.org\/#\/schema\/person\/bb81daa0e07889f6b848067cecd6218f","name":"Carlos Carcamo","url":"https:\/\/lfelsalvador.org\/fr\/author\/ccarcamo\/"}]}},"_links":{"self":[{"href":"https:\/\/lfelsalvador.org\/fr\/wp-json\/wp\/v2\/posts\/8798","targetHints":{"allow":["GET"]}}],"collection":[{"href":"https:\/\/lfelsalvador.org\/fr\/wp-json\/wp\/v2\/posts"}],"about":[{"href":"https:\/\/lfelsalvador.org\/fr\/wp-json\/wp\/v2\/types\/post"}],"author":[{"embeddable":true,"href":"https:\/\/lfelsalvador.org\/fr\/wp-json\/wp\/v2\/users\/4"}],"replies":[{"embeddable":true,"href":"https:\/\/lfelsalvador.org\/fr\/wp-json\/wp\/v2\/comments?post=8798"}],"version-history":[{"count":1,"href":"https:\/\/lfelsalvador.org\/fr\/wp-json\/wp\/v2\/posts\/8798\/revisions"}],"predecessor-version":[{"id":8799,"href":"https:\/\/lfelsalvador.org\/fr\/wp-json\/wp\/v2\/posts\/8798\/revisions\/8799"}],"wp:attachment":[{"href":"https:\/\/lfelsalvador.org\/fr\/wp-json\/wp\/v2\/media?parent=8798"}],"wp:term":[{"taxonomy":"category","embeddable":true,"href":"https:\/\/lfelsalvador.org\/fr\/wp-json\/wp\/v2\/categories?post=8798"},{"taxonomy":"post_tag","embeddable":true,"href":"https:\/\/lfelsalvador.org\/fr\/wp-json\/wp\/v2\/tags?post=8798"}],"curies":[{"name":"wp","href":"https:\/\/api.w.org\/{rel}","templated":true}]}}